{"id":3427,"date":"2025-09-07T22:06:24","date_gmt":"2025-09-07T20:06:24","guid":{"rendered":"https:\/\/photonicolas.fr\/?p=3427"},"modified":"2025-09-09T00:45:41","modified_gmt":"2025-09-08T22:45:41","slug":"eclipse-totale-de-lune","status":"publish","type":"post","link":"https:\/\/photonicolas.fr\/index.php\/2025\/09\/07\/eclipse-totale-de-lune\/","title":{"rendered":"Eclipse totale de lune"},"content":{"rendered":"\n<p>Le 7 septembre 2025, \u00e0 Mazeray.<\/p>\n\n\n\n<p>L&rsquo;astre est rest\u00e9 invisible pendant la phase de totalit\u00e9 et est apparu derri\u00e8re des nuages juste apr\u00e8s l&rsquo;occultation compl\u00e8te.<\/p>\n\n\n\n<p>Conditions : t\u00e9l\u00e9 400 mm sur pied, 1\/40 6400 iso, retardateur.<\/p>\n\n\n\n<figure class=\"wp-block-gallery has-nested-images columns-default is-cropped wp-block-gallery-1 is-layout-flex wp-block-gallery-is-layout-flex\">\n<figure class=\"wp-block-image size-large\"><a href=\"https:\/\/photonicolas.fr\/wp-content\/uploads\/2025\/09\/P9071537_DxO-scaled.jpg\"><img loading=\"lazy\" decoding=\"async\" width=\"1024\" height=\"768\" data-id=\"3435\" src=\"https:\/\/photonicolas.fr\/wp-content\/uploads\/2025\/09\/P9071537_DxO-1024x768.jpg\" alt=\"\" class=\"wp-image-3435\" srcset=\"https:\/\/photonicolas.fr\/wp-content\/uploads\/2025\/09\/P9071537_DxO-1024x768.jpg 1024w, https:\/\/photonicolas.fr\/wp-content\/uploads\/2025\/09\/P9071537_DxO-300x225.jpg 300w, https:\/\/photonicolas.fr\/wp-content\/uploads\/2025\/09\/P9071537_DxO-768x576.jpg 768w, https:\/\/photonicolas.fr\/wp-content\/uploads\/2025\/09\/P9071537_DxO-1536x1152.jpg 1536w, https:\/\/photonicolas.fr\/wp-content\/uploads\/2025\/09\/P9071537_DxO-2048x1536.jpg 2048w, https:\/\/photonicolas.fr\/wp-content\/uploads\/2025\/09\/P9071537_DxO-1568x1176.jpg 1568w, https:\/\/photonicolas.fr\/wp-content\/uploads\/2025\/09\/P9071537_DxO-1320x990.jpg 1320w, https:\/\/photonicolas.fr\/wp-content\/uploads\/2025\/09\/P9071537_DxO-scaled.jpg 1920w\" sizes=\"auto, (max-width: 1024px) 100vw, 1024px\" \/><\/a><\/figure>\n\n\n\n<figure class=\"wp-block-image size-large\"><a href=\"https:\/\/photonicolas.fr\/wp-content\/uploads\/2025\/09\/P9071538_DxO-scaled.jpg\"><img loading=\"lazy\" decoding=\"async\" width=\"1024\" height=\"768\" data-id=\"3436\" src=\"https:\/\/photonicolas.fr\/wp-content\/uploads\/2025\/09\/P9071538_DxO-1024x768.jpg\" alt=\"\" class=\"wp-image-3436\" srcset=\"https:\/\/photonicolas.fr\/wp-content\/uploads\/2025\/09\/P9071538_DxO-1024x768.jpg 1024w, https:\/\/photonicolas.fr\/wp-content\/uploads\/2025\/09\/P9071538_DxO-300x225.jpg 300w, https:\/\/photonicolas.fr\/wp-content\/uploads\/2025\/09\/P9071538_DxO-768x576.jpg 768w, https:\/\/photonicolas.fr\/wp-content\/uploads\/2025\/09\/P9071538_DxO-1536x1152.jpg 1536w, https:\/\/photonicolas.fr\/wp-content\/uploads\/2025\/09\/P9071538_DxO-2048x1536.jpg 2048w, https:\/\/photonicolas.fr\/wp-content\/uploads\/2025\/09\/P9071538_DxO-1568x1176.jpg 1568w, https:\/\/photonicolas.fr\/wp-content\/uploads\/2025\/09\/P9071538_DxO-1320x990.jpg 1320w, https:\/\/photonicolas.fr\/wp-content\/uploads\/2025\/09\/P9071538_DxO-scaled.jpg 1920w\" sizes=\"auto, (max-width: 1024px) 100vw, 1024px\" \/><\/a><\/figure>\n\n\n\n<figure class=\"wp-block-image size-large\"><a href=\"https:\/\/photonicolas.fr\/wp-content\/uploads\/2025\/09\/P9071540_DxO-scaled.jpg\"><img loading=\"lazy\" decoding=\"async\" width=\"1024\" height=\"768\" data-id=\"3437\" src=\"https:\/\/photonicolas.fr\/wp-content\/uploads\/2025\/09\/P9071540_DxO-1024x768.jpg\" alt=\"\" class=\"wp-image-3437\" srcset=\"https:\/\/photonicolas.fr\/wp-content\/uploads\/2025\/09\/P9071540_DxO-1024x768.jpg 1024w, https:\/\/photonicolas.fr\/wp-content\/uploads\/2025\/09\/P9071540_DxO-300x225.jpg 300w, https:\/\/photonicolas.fr\/wp-content\/uploads\/2025\/09\/P9071540_DxO-768x576.jpg 768w, https:\/\/photonicolas.fr\/wp-content\/uploads\/2025\/09\/P9071540_DxO-1536x1152.jpg 1536w, https:\/\/photonicolas.fr\/wp-content\/uploads\/2025\/09\/P9071540_DxO-2048x1536.jpg 2048w, https:\/\/photonicolas.fr\/wp-content\/uploads\/2025\/09\/P9071540_DxO-1568x1176.jpg 1568w, https:\/\/photonicolas.fr\/wp-content\/uploads\/2025\/09\/P9071540_DxO-1320x990.jpg 1320w, https:\/\/photonicolas.fr\/wp-content\/uploads\/2025\/09\/P9071540_DxO-scaled.jpg 1920w\" sizes=\"auto, (max-width: 1024px) 100vw, 1024px\" \/><\/a><\/figure>\n<\/figure>\n","protected":false},"excerpt":{"rendered":"<p>Le 7 septembre 2025, \u00e0 Mazeray. L&rsquo;astre est rest\u00e9 invisible pendant la phase de totalit\u00e9 et est apparu derri\u00e8re des nuages juste apr\u00e8s l&rsquo;occultation compl\u00e8te. Conditions : t\u00e9l\u00e9 400 mm sur pied, 1\/40 6400 iso, retardateur.<\/p>\n","protected":false},"author":1,"featured_media":0,"comment_status":"closed","ping_status":"closed","sticky":false,"template":"","format":"gallery","meta":{"footnotes":""},"categories":[17],"tags":[],"class_list":["post-3427","post","type-post","status-publish","format-gallery","hentry","category-evenements","post_format-post-format-gallery","entry"],"_links":{"self":[{"href":"https:\/\/photonicolas.fr\/index.php\/wp-json\/wp\/v2\/posts\/3427","targetHints":{"allow":["GET"]}}],"collection":[{"href":"https:\/\/photonicolas.fr\/index.php\/wp-json\/wp\/v2\/posts"}],"about":[{"href":"https:\/\/photonicolas.fr\/index.php\/wp-json\/wp\/v2\/types\/post"}],"author":[{"embeddable":true,"href":"https:\/\/photonicolas.fr\/index.php\/wp-json\/wp\/v2\/users\/1"}],"replies":[{"embeddable":true,"href":"https:\/\/photonicolas.fr\/index.php\/wp-json\/wp\/v2\/comments?post=3427"}],"version-history":[{"count":4,"href":"https:\/\/photonicolas.fr\/index.php\/wp-json\/wp\/v2\/posts\/3427\/revisions"}],"predecessor-version":[{"id":3544,"href":"https:\/\/photonicolas.fr\/index.php\/wp-json\/wp\/v2\/posts\/3427\/revisions\/3544"}],"wp:attachment":[{"href":"https:\/\/photonicolas.fr\/index.php\/wp-json\/wp\/v2\/media?parent=3427"}],"wp:term":[{"taxonomy":"category","embeddable":true,"href":"https:\/\/photonicolas.fr\/index.php\/wp-json\/wp\/v2\/categories?post=3427"},{"taxonomy":"post_tag","embeddable":true,"href":"https:\/\/photonicolas.fr\/index.php\/wp-json\/wp\/v2\/tags?post=3427"}],"curies":[{"name":"wp","href":"https:\/\/api.w.org\/{rel}","templated":true}]}}