{"id":4348,"date":"2026-01-29T17:28:10","date_gmt":"2026-01-29T16:28:10","guid":{"rendered":"https:\/\/photonicolas.fr\/?p=4348"},"modified":"2026-01-29T17:28:11","modified_gmt":"2026-01-29T16:28:11","slug":"faucon-crecerelle-3","status":"publish","type":"post","link":"https:\/\/photonicolas.fr\/index.php\/2026\/01\/29\/faucon-crecerelle-3\/","title":{"rendered":"Faucon cr\u00e9cerelle"},"content":{"rendered":"\n<p>Tr\u00e8s furtif, il se pose parfois en haut du cerisier, provoquant la fuite les oiseaux du jardin. Il s&rsquo;est pos\u00e9 quelques secondes \u00e0 moins de 8 m\u00e8tres, le temps de prendre 4 clich\u00e9s.<\/p>\n\n\n\n<figure class=\"wp-block-gallery has-nested-images columns-default is-cropped wp-block-gallery-1 is-layout-flex wp-block-gallery-is-layout-flex\">\n<figure class=\"wp-block-image size-large\"><a href=\"https:\/\/photonicolas.fr\/wp-content\/uploads\/2026\/01\/P1290210_DxO.jpg\"><img loading=\"lazy\" decoding=\"async\" width=\"1024\" height=\"768\" data-id=\"4347\" src=\"https:\/\/photonicolas.fr\/wp-content\/uploads\/2026\/01\/P1290210_DxO-1024x768.jpg\" alt=\"\" class=\"wp-image-4347\" srcset=\"https:\/\/photonicolas.fr\/wp-content\/uploads\/2026\/01\/P1290210_DxO-1024x768.jpg 1024w, https:\/\/photonicolas.fr\/wp-content\/uploads\/2026\/01\/P1290210_DxO-300x225.jpg 300w, https:\/\/photonicolas.fr\/wp-content\/uploads\/2026\/01\/P1290210_DxO-768x576.jpg 768w, https:\/\/photonicolas.fr\/wp-content\/uploads\/2026\/01\/P1290210_DxO-1536x1151.jpg 1536w, https:\/\/photonicolas.fr\/wp-content\/uploads\/2026\/01\/P1290210_DxO-1568x1175.jpg 1568w, https:\/\/photonicolas.fr\/wp-content\/uploads\/2026\/01\/P1290210_DxO-1320x989.jpg 1320w, https:\/\/photonicolas.fr\/wp-content\/uploads\/2026\/01\/P1290210_DxO.jpg 1857w\" sizes=\"auto, (max-width: 1024px) 100vw, 1024px\" \/><\/a><\/figure>\n\n\n\n<figure class=\"wp-block-image size-large\"><a href=\"https:\/\/photonicolas.fr\/wp-content\/uploads\/2026\/01\/P1290206_DxO.jpg\"><img loading=\"lazy\" decoding=\"async\" width=\"1024\" height=\"768\" data-id=\"4346\" src=\"https:\/\/photonicolas.fr\/wp-content\/uploads\/2026\/01\/P1290206_DxO-1024x768.jpg\" alt=\"\" class=\"wp-image-4346\" srcset=\"https:\/\/photonicolas.fr\/wp-content\/uploads\/2026\/01\/P1290206_DxO-1024x768.jpg 1024w, https:\/\/photonicolas.fr\/wp-content\/uploads\/2026\/01\/P1290206_DxO-300x225.jpg 300w, https:\/\/photonicolas.fr\/wp-content\/uploads\/2026\/01\/P1290206_DxO-768x576.jpg 768w, https:\/\/photonicolas.fr\/wp-content\/uploads\/2026\/01\/P1290206_DxO-1320x990.jpg 1320w, https:\/\/photonicolas.fr\/wp-content\/uploads\/2026\/01\/P1290206_DxO.jpg 1529w\" sizes=\"auto, (max-width: 1024px) 100vw, 1024px\" \/><\/a><\/figure>\n<\/figure>\n","protected":false},"excerpt":{"rendered":"<p>Tr\u00e8s furtif, il se pose parfois en haut du cerisier, provoquant la fuite les oiseaux du jardin. Il s&rsquo;est pos\u00e9 quelques secondes \u00e0 moins de 8 m\u00e8tres, le temps de prendre 4 clich\u00e9s.<\/p>\n","protected":false},"author":1,"featured_media":0,"comment_status":"closed","ping_status":"closed","sticky":false,"template":"","format":"gallery","meta":{"footnotes":""},"categories":[1],"tags":[],"class_list":["post-4348","post","type-post","status-publish","format-gallery","hentry","category-photographies","post_format-post-format-gallery","entry"],"_links":{"self":[{"href":"https:\/\/photonicolas.fr\/index.php\/wp-json\/wp\/v2\/posts\/4348","targetHints":{"allow":["GET"]}}],"collection":[{"href":"https:\/\/photonicolas.fr\/index.php\/wp-json\/wp\/v2\/posts"}],"about":[{"href":"https:\/\/photonicolas.fr\/index.php\/wp-json\/wp\/v2\/types\/post"}],"author":[{"embeddable":true,"href":"https:\/\/photonicolas.fr\/index.php\/wp-json\/wp\/v2\/users\/1"}],"replies":[{"embeddable":true,"href":"https:\/\/photonicolas.fr\/index.php\/wp-json\/wp\/v2\/comments?post=4348"}],"version-history":[{"count":1,"href":"https:\/\/photonicolas.fr\/index.php\/wp-json\/wp\/v2\/posts\/4348\/revisions"}],"predecessor-version":[{"id":4349,"href":"https:\/\/photonicolas.fr\/index.php\/wp-json\/wp\/v2\/posts\/4348\/revisions\/4349"}],"wp:attachment":[{"href":"https:\/\/photonicolas.fr\/index.php\/wp-json\/wp\/v2\/media?parent=4348"}],"wp:term":[{"taxonomy":"category","embeddable":true,"href":"https:\/\/photonicolas.fr\/index.php\/wp-json\/wp\/v2\/categories?post=4348"},{"taxonomy":"post_tag","embeddable":true,"href":"https:\/\/photonicolas.fr\/index.php\/wp-json\/wp\/v2\/tags?post=4348"}],"curies":[{"name":"wp","href":"https:\/\/api.w.org\/{rel}","templated":true}]}}